{"id":15540,"date":"2020-05-07T16:34:24","date_gmt":"2020-05-07T14:34:24","guid":{"rendered":"http:\/\/www.finelouche.petitlezard.com\/?p=15540"},"modified":"2020-05-08T11:44:13","modified_gmt":"2020-05-08T09:44:13","slug":"la-tarte-aux-pruneaux","status":"publish","type":"post","link":"http:\/\/www.finelouche.petitlezard.com\/?p=15540","title":{"rendered":"La Tarte aux pruneaux"},"content":{"rendered":"\n<figure class=\"wp-block-image size-large\"><img loading=\"lazy\" decoding=\"async\" width=\"1024\" height=\"1024\" src=\"http:\/\/www.finelouche.petitlezard.com\/wp-content\/uploads\/2020\/05\/tarte-pruneaux1-1024x1024.jpg\" alt=\"\" class=\"wp-image-15220\" srcset=\"http:\/\/www.finelouche.petitlezard.com\/wp-content\/uploads\/2020\/05\/tarte-pruneaux1-1024x1024.jpg 1024w, http:\/\/www.finelouche.petitlezard.com\/wp-content\/uploads\/2020\/05\/tarte-pruneaux1-300x300.jpg 300w, http:\/\/www.finelouche.petitlezard.com\/wp-content\/uploads\/2020\/05\/tarte-pruneaux1-150x150.jpg 150w, http:\/\/www.finelouche.petitlezard.com\/wp-content\/uploads\/2020\/05\/tarte-pruneaux1-768x768.jpg 768w, http:\/\/www.finelouche.petitlezard.com\/wp-content\/uploads\/2020\/05\/tarte-pruneaux1-1536x1536.jpg 1536w, http:\/\/www.finelouche.petitlezard.com\/wp-content\/uploads\/2020\/05\/tarte-pruneaux1-2048x2048.jpg 2048w, http:\/\/www.finelouche.petitlezard.com\/wp-content\/uploads\/2020\/05\/tarte-pruneaux1-1080x1080.jpg 1080w, http:\/\/www.finelouche.petitlezard.com\/wp-content\/uploads\/2020\/05\/tarte-pruneaux1-24x24.jpg 24w, http:\/\/www.finelouche.petitlezard.com\/wp-content\/uploads\/2020\/05\/tarte-pruneaux1-36x36.jpg 36w, http:\/\/www.finelouche.petitlezard.com\/wp-content\/uploads\/2020\/05\/tarte-pruneaux1-48x48.jpg 48w\" sizes=\"auto, (max-width: 1024px) 100vw, 1024px\" \/><\/figure>\n\n\n\n<figure class=\"wp-block-image size-large\"><img loading=\"lazy\" decoding=\"async\" width=\"1024\" height=\"1024\" src=\"http:\/\/www.finelouche.petitlezard.com\/wp-content\/uploads\/2020\/05\/tarte-pruneaux2-1024x1024.jpg\" alt=\"\" class=\"wp-image-15222\" srcset=\"http:\/\/www.finelouche.petitlezard.com\/wp-content\/uploads\/2020\/05\/tarte-pruneaux2-1024x1024.jpg 1024w, http:\/\/www.finelouche.petitlezard.com\/wp-content\/uploads\/2020\/05\/tarte-pruneaux2-300x300.jpg 300w, http:\/\/www.finelouche.petitlezard.com\/wp-content\/uploads\/2020\/05\/tarte-pruneaux2-150x150.jpg 150w, http:\/\/www.finelouche.petitlezard.com\/wp-content\/uploads\/2020\/05\/tarte-pruneaux2-768x768.jpg 768w, http:\/\/www.finelouche.petitlezard.com\/wp-content\/uploads\/2020\/05\/tarte-pruneaux2-1536x1536.jpg 1536w, http:\/\/www.finelouche.petitlezard.com\/wp-content\/uploads\/2020\/05\/tarte-pruneaux2-2048x2048.jpg 2048w, http:\/\/www.finelouche.petitlezard.com\/wp-content\/uploads\/2020\/05\/tarte-pruneaux2-1080x1080.jpg 1080w, http:\/\/www.finelouche.petitlezard.com\/wp-content\/uploads\/2020\/05\/tarte-pruneaux2-24x24.jpg 24w, http:\/\/www.finelouche.petitlezard.com\/wp-content\/uploads\/2020\/05\/tarte-pruneaux2-36x36.jpg 36w, http:\/\/www.finelouche.petitlezard.com\/wp-content\/uploads\/2020\/05\/tarte-pruneaux2-48x48.jpg 48w\" sizes=\"auto, (max-width: 1024px) 100vw, 1024px\" \/><\/figure>\n","protected":false},"excerpt":{"rendered":"","protected":false},"author":1,"featured_media":0,"comment_status":"open","ping_status":"open","sticky":false,"template":"","format":"standard","meta":{"_et_pb_use_builder":"","_et_pb_old_content":"","spay_email":"","footnotes":""},"categories":[40],"tags":[],"class_list":["post-15540","post","type-post","status-publish","format-standard","hentry","category-la-tarte-aux-pruneaux"],"yoast_head":"<!-- This site is optimized with the Yoast SEO plugin v18.6 - https:\/\/yoast.com\/wordpress\/plugins\/seo\/ -->\n<title>Recette Tarte aux pruneaux- Finelouche - Laurent Audouin - Am\u00e9lie Sarn<\/title>\n<meta name=\"description\" content=\"D\u00e9couvrez la recette de la Tarte aux pruneaux de Tante Finelouche. Sacr\u00e9-Coeur en raffole. Tr\u00e8s facile \u00e0 r\u00e9aliser en famille.\" \/>\n<meta name=\"robots\" content=\"index, follow, max-snippet:-1, max-image-preview:large, max-video-preview:-1\" \/>\n<link rel=\"canonical\" href=\"http:\/\/www.finelouche.petitlezard.com\/?p=15540\" \/>\n<meta property=\"og:locale\" content=\"fr_FR\" \/>\n<meta property=\"og:type\" content=\"article\" \/>\n<meta property=\"og:title\" content=\"Recette Tarte aux pruneaux- Finelouche - Laurent Audouin - Am\u00e9lie Sarn\" \/>\n<meta property=\"og:description\" content=\"D\u00e9couvrez la recette de la Tarte aux pruneaux de Tante Finelouche. Sacr\u00e9-Coeur en raffole. Tr\u00e8s facile \u00e0 r\u00e9aliser en famille.\" \/>\n<meta property=\"og:url\" content=\"http:\/\/www.finelouche.petitlezard.com\/?p=15540\" \/>\n<meta property=\"og:site_name\" content=\"Finelouche - Laurent Audouin - Am\u00e9lie Sarn\" \/>\n<meta property=\"article:published_time\" content=\"2020-05-07T14:34:24+00:00\" \/>\n<meta property=\"article:modified_time\" content=\"2020-05-08T09:44:13+00:00\" \/>\n<meta property=\"og:image\" content=\"http:\/\/www.finelouche.petitlezard.com\/wp-content\/uploads\/2020\/05\/tarte-pruneaux1-1024x1024.jpg\" \/>\n<meta name=\"twitter:card\" content=\"summary_large_image\" \/>\n<meta name=\"twitter:label1\" content=\"\u00c9crit par\" \/>\n\t<meta name=\"twitter:data1\" content=\"finelouche\" \/>\n<script type=\"application\/ld+json\" class=\"yoast-schema-graph\">{\"@context\":\"https:\/\/schema.org\",\"@graph\":[{\"@type\":[\"Person\",\"Organization\"],\"@id\":\"http:\/\/www.finelouche.petitlezard.com\/#\/schema\/person\/73f67114688c057c63ebe91fff4b86c4\",\"name\":\"Laurent Audouin\",\"image\":{\"@type\":\"ImageObject\",\"@id\":\"http:\/\/www.finelouche.petitlezard.com\/#personlogo\",\"inLanguage\":\"fr-FR\",\"url\":\"http:\/\/www.finelouche.petitlezard.com\/wp-content\/uploads\/2019\/04\/dedicaces-1-1024x856.jpg\",\"contentUrl\":\"http:\/\/www.finelouche.petitlezard.com\/wp-content\/uploads\/2019\/04\/dedicaces-1-1024x856.jpg\",\"width\":1024,\"height\":856,\"caption\":\"Laurent Audouin\"},\"logo\":{\"@id\":\"http:\/\/www.finelouche.petitlezard.com\/#personlogo\"},\"sameAs\":[\"http:\/\/www.finelouche.petitlezard.com\/wp-admin\/user-new.php\"]},{\"@type\":\"WebSite\",\"@id\":\"http:\/\/www.finelouche.petitlezard.com\/#website\",\"url\":\"http:\/\/www.finelouche.petitlezard.com\/\",\"name\":\"Finelouche - Laurent Audouin - Am\u00e9lie Sarn\",\"description\":\"D\u00e9couvrez les aventures fantastiques de Sacr\u00e9-Coeur et Victor et Ad\u00e9lie, aventuriers axtraordinaires, ainsi que leurs auteurs Laurent Audouin et Am\u00e9lie Sarn.\",\"publisher\":{\"@id\":\"http:\/\/www.finelouche.petitlezard.com\/#\/schema\/person\/73f67114688c057c63ebe91fff4b86c4\"},\"potentialAction\":[{\"@type\":\"SearchAction\",\"target\":{\"@type\":\"EntryPoint\",\"urlTemplate\":\"http:\/\/www.finelouche.petitlezard.com\/?s={search_term_string}\"},\"query-input\":\"required name=search_term_string\"}],\"inLanguage\":\"fr-FR\"},{\"@type\":\"ImageObject\",\"@id\":\"http:\/\/www.finelouche.petitlezard.com\/?p=15540#primaryimage\",\"inLanguage\":\"fr-FR\",\"url\":\"http:\/\/www.finelouche.petitlezard.com\/wp-content\/uploads\/2020\/05\/tarte-pruneaux1-1024x1024.jpg\",\"contentUrl\":\"http:\/\/www.finelouche.petitlezard.com\/wp-content\/uploads\/2020\/05\/tarte-pruneaux1-1024x1024.jpg\"},{\"@type\":\"WebPage\",\"@id\":\"http:\/\/www.finelouche.petitlezard.com\/?p=15540#webpage\",\"url\":\"http:\/\/www.finelouche.petitlezard.com\/?p=15540\",\"name\":\"Recette Tarte aux pruneaux- Finelouche - Laurent Audouin - Am\u00e9lie Sarn\",\"isPartOf\":{\"@id\":\"http:\/\/www.finelouche.petitlezard.com\/#website\"},\"primaryImageOfPage\":{\"@id\":\"http:\/\/www.finelouche.petitlezard.com\/?p=15540#primaryimage\"},\"datePublished\":\"2020-05-07T14:34:24+00:00\",\"dateModified\":\"2020-05-08T09:44:13+00:00\",\"description\":\"D\u00e9couvrez la recette de la Tarte aux pruneaux de Tante Finelouche. Sacr\u00e9-Coeur en raffole. Tr\u00e8s facile \u00e0 r\u00e9aliser en famille.\",\"breadcrumb\":{\"@id\":\"http:\/\/www.finelouche.petitlezard.com\/?p=15540#breadcrumb\"},\"inLanguage\":\"fr-FR\",\"potentialAction\":[{\"@type\":\"ReadAction\",\"target\":[\"http:\/\/www.finelouche.petitlezard.com\/?p=15540\"]}]},{\"@type\":\"BreadcrumbList\",\"@id\":\"http:\/\/www.finelouche.petitlezard.com\/?p=15540#breadcrumb\",\"itemListElement\":[{\"@type\":\"ListItem\",\"position\":1,\"name\":\"Accueil\",\"item\":\"http:\/\/www.finelouche.petitlezard.com\/\"},{\"@type\":\"ListItem\",\"position\":2,\"name\":\"La Tarte aux pruneaux\"}]},{\"@type\":\"Article\",\"@id\":\"http:\/\/www.finelouche.petitlezard.com\/?p=15540#article\",\"isPartOf\":{\"@id\":\"http:\/\/www.finelouche.petitlezard.com\/?p=15540#webpage\"},\"author\":{\"@id\":\"http:\/\/www.finelouche.petitlezard.com\/#\/schema\/person\/c0f7fc07a01862ba33e1528c7d2d58b2\"},\"headline\":\"La Tarte aux pruneaux\",\"datePublished\":\"2020-05-07T14:34:24+00:00\",\"dateModified\":\"2020-05-08T09:44:13+00:00\",\"mainEntityOfPage\":{\"@id\":\"http:\/\/www.finelouche.petitlezard.com\/?p=15540#webpage\"},\"wordCount\":4,\"commentCount\":0,\"publisher\":{\"@id\":\"http:\/\/www.finelouche.petitlezard.com\/#\/schema\/person\/73f67114688c057c63ebe91fff4b86c4\"},\"image\":{\"@id\":\"http:\/\/www.finelouche.petitlezard.com\/?p=15540#primaryimage\"},\"thumbnailUrl\":\"http:\/\/www.finelouche.petitlezard.com\/wp-content\/uploads\/2020\/05\/tarte-pruneaux1-1024x1024.jpg\",\"articleSection\":[\"La tarte aux pruneaux\"],\"inLanguage\":\"fr-FR\",\"potentialAction\":[{\"@type\":\"CommentAction\",\"name\":\"Comment\",\"target\":[\"http:\/\/www.finelouche.petitlezard.com\/?p=15540#respond\"]}]},{\"@type\":\"Person\",\"@id\":\"http:\/\/www.finelouche.petitlezard.com\/#\/schema\/person\/c0f7fc07a01862ba33e1528c7d2d58b2\",\"name\":\"finelouche\",\"image\":{\"@type\":\"ImageObject\",\"@id\":\"http:\/\/www.finelouche.petitlezard.com\/#personlogo\",\"inLanguage\":\"fr-FR\",\"url\":\"https:\/\/secure.gravatar.com\/avatar\/28fa6761b053a851ef2f747ec3bf16afe4a71ded0812200aee1fbf04e6ee94dd?s=96&d=mm&r=g\",\"contentUrl\":\"https:\/\/secure.gravatar.com\/avatar\/28fa6761b053a851ef2f747ec3bf16afe4a71ded0812200aee1fbf04e6ee94dd?s=96&d=mm&r=g\",\"caption\":\"finelouche\"}}]}<\/script>\n<!-- \/ Yoast SEO plugin. -->","yoast_head_json":{"title":"Recette Tarte aux pruneaux- Finelouche - Laurent Audouin - Am\u00e9lie Sarn","description":"D\u00e9couvrez la recette de la Tarte aux pruneaux de Tante Finelouche. Sacr\u00e9-Coeur en raffole. Tr\u00e8s facile \u00e0 r\u00e9aliser en famille.","robots":{"index":"index","follow":"follow","max-snippet":"max-snippet:-1","max-image-preview":"max-image-preview:large","max-video-preview":"max-video-preview:-1"},"canonical":"http:\/\/www.finelouche.petitlezard.com\/?p=15540","og_locale":"fr_FR","og_type":"article","og_title":"Recette Tarte aux pruneaux- Finelouche - Laurent Audouin - Am\u00e9lie Sarn","og_description":"D\u00e9couvrez la recette de la Tarte aux pruneaux de Tante Finelouche. Sacr\u00e9-Coeur en raffole. Tr\u00e8s facile \u00e0 r\u00e9aliser en famille.","og_url":"http:\/\/www.finelouche.petitlezard.com\/?p=15540","og_site_name":"Finelouche - Laurent Audouin - Am\u00e9lie Sarn","article_published_time":"2020-05-07T14:34:24+00:00","article_modified_time":"2020-05-08T09:44:13+00:00","og_image":[{"url":"http:\/\/www.finelouche.petitlezard.com\/wp-content\/uploads\/2020\/05\/tarte-pruneaux1-1024x1024.jpg"}],"twitter_card":"summary_large_image","twitter_misc":{"\u00c9crit par":"finelouche"},"schema":{"@context":"https:\/\/schema.org","@graph":[{"@type":["Person","Organization"],"@id":"http:\/\/www.finelouche.petitlezard.com\/#\/schema\/person\/73f67114688c057c63ebe91fff4b86c4","name":"Laurent Audouin","image":{"@type":"ImageObject","@id":"http:\/\/www.finelouche.petitlezard.com\/#personlogo","inLanguage":"fr-FR","url":"http:\/\/www.finelouche.petitlezard.com\/wp-content\/uploads\/2019\/04\/dedicaces-1-1024x856.jpg","contentUrl":"http:\/\/www.finelouche.petitlezard.com\/wp-content\/uploads\/2019\/04\/dedicaces-1-1024x856.jpg","width":1024,"height":856,"caption":"Laurent Audouin"},"logo":{"@id":"http:\/\/www.finelouche.petitlezard.com\/#personlogo"},"sameAs":["http:\/\/www.finelouche.petitlezard.com\/wp-admin\/user-new.php"]},{"@type":"WebSite","@id":"http:\/\/www.finelouche.petitlezard.com\/#website","url":"http:\/\/www.finelouche.petitlezard.com\/","name":"Finelouche - Laurent Audouin - Am\u00e9lie Sarn","description":"D\u00e9couvrez les aventures fantastiques de Sacr\u00e9-Coeur et Victor et Ad\u00e9lie, aventuriers axtraordinaires, ainsi que leurs auteurs Laurent Audouin et Am\u00e9lie Sarn.","publisher":{"@id":"http:\/\/www.finelouche.petitlezard.com\/#\/schema\/person\/73f67114688c057c63ebe91fff4b86c4"},"potentialAction":[{"@type":"SearchAction","target":{"@type":"EntryPoint","urlTemplate":"http:\/\/www.finelouche.petitlezard.com\/?s={search_term_string}"},"query-input":"required name=search_term_string"}],"inLanguage":"fr-FR"},{"@type":"ImageObject","@id":"http:\/\/www.finelouche.petitlezard.com\/?p=15540#primaryimage","inLanguage":"fr-FR","url":"http:\/\/www.finelouche.petitlezard.com\/wp-content\/uploads\/2020\/05\/tarte-pruneaux1-1024x1024.jpg","contentUrl":"http:\/\/www.finelouche.petitlezard.com\/wp-content\/uploads\/2020\/05\/tarte-pruneaux1-1024x1024.jpg"},{"@type":"WebPage","@id":"http:\/\/www.finelouche.petitlezard.com\/?p=15540#webpage","url":"http:\/\/www.finelouche.petitlezard.com\/?p=15540","name":"Recette Tarte aux pruneaux- Finelouche - Laurent Audouin - Am\u00e9lie Sarn","isPartOf":{"@id":"http:\/\/www.finelouche.petitlezard.com\/#website"},"primaryImageOfPage":{"@id":"http:\/\/www.finelouche.petitlezard.com\/?p=15540#primaryimage"},"datePublished":"2020-05-07T14:34:24+00:00","dateModified":"2020-05-08T09:44:13+00:00","description":"D\u00e9couvrez la recette de la Tarte aux pruneaux de Tante Finelouche. Sacr\u00e9-Coeur en raffole. Tr\u00e8s facile \u00e0 r\u00e9aliser en famille.","breadcrumb":{"@id":"http:\/\/www.finelouche.petitlezard.com\/?p=15540#breadcrumb"},"inLanguage":"fr-FR","potentialAction":[{"@type":"ReadAction","target":["http:\/\/www.finelouche.petitlezard.com\/?p=15540"]}]},{"@type":"BreadcrumbList","@id":"http:\/\/www.finelouche.petitlezard.com\/?p=15540#breadcrumb","itemListElement":[{"@type":"ListItem","position":1,"name":"Accueil","item":"http:\/\/www.finelouche.petitlezard.com\/"},{"@type":"ListItem","position":2,"name":"La Tarte aux pruneaux"}]},{"@type":"Article","@id":"http:\/\/www.finelouche.petitlezard.com\/?p=15540#article","isPartOf":{"@id":"http:\/\/www.finelouche.petitlezard.com\/?p=15540#webpage"},"author":{"@id":"http:\/\/www.finelouche.petitlezard.com\/#\/schema\/person\/c0f7fc07a01862ba33e1528c7d2d58b2"},"headline":"La Tarte aux pruneaux","datePublished":"2020-05-07T14:34:24+00:00","dateModified":"2020-05-08T09:44:13+00:00","mainEntityOfPage":{"@id":"http:\/\/www.finelouche.petitlezard.com\/?p=15540#webpage"},"wordCount":4,"commentCount":0,"publisher":{"@id":"http:\/\/www.finelouche.petitlezard.com\/#\/schema\/person\/73f67114688c057c63ebe91fff4b86c4"},"image":{"@id":"http:\/\/www.finelouche.petitlezard.com\/?p=15540#primaryimage"},"thumbnailUrl":"http:\/\/www.finelouche.petitlezard.com\/wp-content\/uploads\/2020\/05\/tarte-pruneaux1-1024x1024.jpg","articleSection":["La tarte aux pruneaux"],"inLanguage":"fr-FR","potentialAction":[{"@type":"CommentAction","name":"Comment","target":["http:\/\/www.finelouche.petitlezard.com\/?p=15540#respond"]}]},{"@type":"Person","@id":"http:\/\/www.finelouche.petitlezard.com\/#\/schema\/person\/c0f7fc07a01862ba33e1528c7d2d58b2","name":"finelouche","image":{"@type":"ImageObject","@id":"http:\/\/www.finelouche.petitlezard.com\/#personlogo","inLanguage":"fr-FR","url":"https:\/\/secure.gravatar.com\/avatar\/28fa6761b053a851ef2f747ec3bf16afe4a71ded0812200aee1fbf04e6ee94dd?s=96&d=mm&r=g","contentUrl":"https:\/\/secure.gravatar.com\/avatar\/28fa6761b053a851ef2f747ec3bf16afe4a71ded0812200aee1fbf04e6ee94dd?s=96&d=mm&r=g","caption":"finelouche"}}]}},"jetpack_featured_media_url":"","amp_enabled":true,"post_mailing_queue_ids":[],"_links":{"self":[{"href":"http:\/\/www.finelouche.petitlezard.com\/index.php?rest_route=\/wp\/v2\/posts\/15540","targetHints":{"allow":["GET"]}}],"collection":[{"href":"http:\/\/www.finelouche.petitlezard.com\/index.php?rest_route=\/wp\/v2\/posts"}],"about":[{"href":"http:\/\/www.finelouche.petitlezard.com\/index.php?rest_route=\/wp\/v2\/types\/post"}],"author":[{"embeddable":true,"href":"http:\/\/www.finelouche.petitlezard.com\/index.php?rest_route=\/wp\/v2\/users\/1"}],"replies":[{"embeddable":true,"href":"http:\/\/www.finelouche.petitlezard.com\/index.php?rest_route=%2Fwp%2Fv2%2Fcomments&post=15540"}],"version-history":[{"count":1,"href":"http:\/\/www.finelouche.petitlezard.com\/index.php?rest_route=\/wp\/v2\/posts\/15540\/revisions"}],"predecessor-version":[{"id":15542,"href":"http:\/\/www.finelouche.petitlezard.com\/index.php?rest_route=\/wp\/v2\/posts\/15540\/revisions\/15542"}],"wp:attachment":[{"href":"http:\/\/www.finelouche.petitlezard.com\/index.php?rest_route=%2Fwp%2Fv2%2Fmedia&parent=15540"}],"wp:term":[{"taxonomy":"category","embeddable":true,"href":"http:\/\/www.finelouche.petitlezard.com\/index.php?rest_route=%2Fwp%2Fv2%2Fcategories&post=15540"},{"taxonomy":"post_tag","embeddable":true,"href":"http:\/\/www.finelouche.petitlezard.com\/index.php?rest_route=%2Fwp%2Fv2%2Ftags&post=15540"}],"curies":[{"name":"wp","href":"https:\/\/api.w.org\/{rel}","templated":true}]}}